{"id":45819,"date":"2019-10-30T10:50:55","date_gmt":"2019-10-30T10:50:55","guid":{"rendered":"https:\/\/www.lacala.com\/la-cala-nombrado-mejor-hotel-4-en-espana-y-europa-en-el-international-hotel-awards\/"},"modified":"2019-10-30T10:50:55","modified_gmt":"2019-10-30T10:50:55","slug":"la-cala-nombrado-mejor-hotel-4-en-espana-y-europa-en-el-international-hotel-awards","status":"publish","type":"post","link":"https:\/\/www.lacala.com\/es\/la-cala-nombrado-mejor-hotel-4-en-espana-y-europa-en-el-international-hotel-awards\/","title":{"rendered":"La Cala nombrado Mejor Hotel 4 * en Espa\u00f1a y Europa en el International Hotel Awards"},"content":{"rendered":"<p><strong>La Cala Resort logr\u00f3 un doble premio sin precedentes en los Europe Hotel Awards 2019, ganando elogios al mejor hotel de 4 * en Espa\u00f1a y Europa.<\/strong><\/p>\n<p>El notable logro se anunci\u00f3 en un evento de alfombra roja en Londres la semana pasada dentro de los International Hotel Awards, ampliamente considerado como el punto de referencia de la excelencia en toda la industria hotelera mundial.<\/p>\n<p>Sorprendentemente, el reconocimiento llega solo un a\u00f1o despu\u00e9s de que los propietarios irlandeses FBD Holdings instigaron una renovaci\u00f3n completa del hotel de 107 habitaciones, parte de una serie de obras ambiciosas en el mayor complejo de golf de Espa\u00f1a.<\/p>\n<p>El director de La Cala Resort, Sean Corte-Real, dijo: \u00abEste es un logro monumental que est\u00e1 m\u00e1s all\u00e1 de nuestras expectativas\u00bb.<\/p>\n<p>\u201cSomos un equipo incre\u00edblemente ajustado Y enfocado en brindar la mejor experiencia posible para nuestros hu\u00e9spedes, y este premio es un reconocimiento al arduo trabajo de cada miembro del personal. Nuestra ambici\u00f3n es consolidar la reputaci\u00f3n de La Cala como el principal destino de vacaciones de golf en Europa y este es un paso importante para lograrlo\u00bb.<\/p>\n<p>Un equipo de jueces altamente experimentado elogi\u00f3 a La Cala por su excelente nivel de servicio, la gama de instalaciones de primera clase y la impresionante ubicaci\u00f3n del hotel.<\/p>\n<p>Situado en las faldas de la Sierra de Mijas con impresionantes vistas al campo andaluz y al lejano Mediterr\u00e1neo, La Cala Resort es una meca del golf a solo 30 minutos del aeropuerto de M\u00e1laga.<\/p>\n<p>La Cala cuenta con tres campos de golf de campeonato dise\u00f1ados por el arquitecto de renombre mundial Cabell B. Robinson y el spa de hidroterapia l\u00edder en Espa\u00f1a. Con cuatro restaurantes galardonados y numerosos bares, La Cala marca la pauta para vacaciones deportivas y de ocio en la Costa del Sol. Adem\u00e1s, ofrece otras opciones de ocio, como un campo de f\u00fatbol con certificaci\u00f3n FIFA, circuito de atletismo, gimnasio, pistas de tenis y squash.  <\/p>\n<p>Ubicado entre la Sierra de Mijas y el mar Mediterr\u00e1neo, La Cala es un aut\u00e9ntico remanso de tranquilidad. Es la base perfecta para explorar Andaluc\u00eda y las ciudades culturales de Espa\u00f1a como Granada, Sevilla y M\u00e1laga. <\/p>\n<p>Jugar golf de clase mundial en invierno nunca ha sido tan f\u00e1cil ni tan econ\u00f3mico tras el lanzamiento de dos paquetes exclusivos fuera de temporada en el espectacular La Cala Resort en el sur de Espa\u00f1a.<\/p>\n","protected":false},"excerpt":{"rendered":"<p>La Cala Resort logr\u00f3 un doble premio sin precedentes en los Europe Hotel Awards 2019, ganando elogios al mejor hotel de 4 * en Espa\u00f1a y Europa. El notable logro se anunci\u00f3 en un evento de alfombra roja en Londres la semana pasada dentro de los International Hotel Awards, ampliamente considerado como el punto de [&hellip;]<\/p>\n","protected":false},"author":7,"featured_media":42910,"comment_status":"open","ping_status":"closed","sticky":false,"template":"","format":"standard","meta":{"footnotes":""},"categories":[75],"tags":[],"class_list":["post-45819","post","type-post","status-publish","format-standard","has-post-thumbnail","hentry","category-news-es"],"_links":{"self":[{"href":"https:\/\/www.lacala.com\/es\/wp-json\/wp\/v2\/posts\/45819","targetHints":{"allow":["GET"]}}],"collection":[{"href":"https:\/\/www.lacala.com\/es\/wp-json\/wp\/v2\/posts"}],"about":[{"href":"https:\/\/www.lacala.com\/es\/wp-json\/wp\/v2\/types\/post"}],"author":[{"embeddable":true,"href":"https:\/\/www.lacala.com\/es\/wp-json\/wp\/v2\/users\/7"}],"replies":[{"embeddable":true,"href":"https:\/\/www.lacala.com\/es\/wp-json\/wp\/v2\/comments?post=45819"}],"version-history":[{"count":0,"href":"https:\/\/www.lacala.com\/es\/wp-json\/wp\/v2\/posts\/45819\/revisions"}],"wp:featuredmedia":[{"embeddable":true,"href":"https:\/\/www.lacala.com\/es\/wp-json\/wp\/v2\/media\/42910"}],"wp:attachment":[{"href":"https:\/\/www.lacala.com\/es\/wp-json\/wp\/v2\/media?parent=45819"}],"wp:term":[{"taxonomy":"category","embeddable":true,"href":"https:\/\/www.lacala.com\/es\/wp-json\/wp\/v2\/categories?post=45819"},{"taxonomy":"post_tag","embeddable":true,"href":"https:\/\/www.lacala.com\/es\/wp-json\/wp\/v2\/tags?post=45819"}],"curies":[{"name":"wp","href":"https:\/\/api.w.org\/{rel}","templated":true}]}}